{"id":2022,"date":"2015-05-07T16:05:30","date_gmt":"2015-05-07T15:05:30","guid":{"rendered":"http:\/\/airandmore.at\/branchenverzeichnis\/?p=2022"},"modified":"2015-05-07T16:05:30","modified_gmt":"2015-05-07T15:05:30","slug":"1-internationales-multicoptertreffen-in-tiroloesterreich","status":"publish","type":"post","link":"https:\/\/airandmore.at\/branchenverzeichnis\/1-internationales-multicoptertreffen-in-tiroloesterreich\/","title":{"rendered":"1. Internationales Multicoptertreffen in TIROL\/\u00d6STERREICH"},"content":{"rendered":"<p>Das Treffen findet am 4. Juni 2015 auf der L\u00c4RCHFILZHOCHALM in Fieberbrunn\/Tirol statt, inmitten der Kitzb\u00fchler Alpen auf ca. 1500m H\u00f6he.<br \/>\nDie Anreise per Auto ist problemlos m\u00f6glich (Parkpl\u00e4tze sind reichlich vorhanden)<\/p>\n<p>Eingedeckt von der herrlichen Tiroler Bergwelt freuen wir uns auf einen regen Erfahrungsaustausch sowie um Flugvorf\u00fchrungen m\u00f6glichst vieler Multicopter!<\/p>\n<p>F\u00fcr Teilnehmer, die bereits am Vortag anreisen m\u00f6chten, ist eine \u00dcbernachtung direkt in der L\u00e4rchfilzhochalm m\u00f6glich! &#8211; Kontakt: www.laerchfilzhochalm.at<\/p>\n<p>Die L\u00e4rchfilzhochalm ist auch idealer Ausgangspunkt f\u00fcr eine wundersch\u00f6ne Wanderung, wer will, bis zum Wildseeloder auf \u00fcber 2000m H\u00f6he!<\/p>\n<p>Teilnehmen an diesem Treffen, dessen Ziel der Erfahrungsaustausch und das gemeinsame Fliegen in den Tiroler Bergen ist, kann jeder Multicopter Pilot aus dem In- und Ausland mit G\u00dcLTIGER VERSICHERUNG!<\/p>\n<p>Tische, Strom sowie Bewirtung (Speis&amp;Trank) in der Alm ist reichlich vorhanden!<\/p>\n<p>Wir m\u00f6chten als Veranstalter nochmals auf die Richtilinien und Gesetzte hier in \u00d6sterreich hinweisen &#8211; jeder Pilot ist SELBER daf\u00fcr verantwortlich, diese einzuhalten! Wir k\u00f6nnen als Veranstalter keinen zwingen noch etwas vorschreiben. Bitte dies zu beachten!<br \/>\nAnsonsten freuen wir uns auf ein sch\u00f6nes Flugwetter in den ALPEN!<\/p>\n<p>PROGRAMM:<\/p>\n<p>9.00 Uhr &#8211; offizielle Begr\u00fc\u00dfung durch den Veranstalter<br \/>\ndanach freies Fliegen im Gel\u00e4nde<br \/>\nca. 12.00 Uhr &#8211; gemeinsames Mittagessen bei der L\u00e4rchfilzhochalm (spezielles Tiroler Coptermen\u00fc!) &#8211; wer m\u00f6chte &#8230;<br \/>\nbis 13.00 Uhr Mittagsruhe (Reparatur &amp; Ladephase \ud83d\ude42<br \/>\nab 13.00 Uhr &#8211; freies Fliegen und gem\u00fctlicher Plausch<\/p>\n<p>ACHTUNG, bitte alle FPV Piloten bedenken: Das FPV Fliegen in \u00d6sterreich ist nur auf Sicht gestattet!<br \/>\nDas Treffen findet bei Regenwetter nicht statt!<\/p>\n<p>Alle Aktuellen Infos unter:<br \/>\n<a href=\"http:\/\/www.luftbilder.cc\/de\/coptertreffen\" target=\"_blank\">http:\/\/www.luftbilder.cc\/de\/coptertreffen<\/a><\/p>\n<p>Kontakt<\/p>\n<p>Kontakt f\u00fcr Fragen, W\u00fcnsche und Anregungen:<br \/>\nMike J\u00f6bstl, www.luftbilder.cc<br \/>\n+43 (0) 699 1506 13 92<br \/>\nsupport@klubarbeit.net<a href=\"http:\/\/airandmore.at\/branchenverzeichnis\/wp-content\/uploads\/coptertreffen-2015_low.jpg\"><img loading=\"lazy\" decoding=\"async\" class=\"alignnone size-medium wp-image-2023\" src=\"http:\/\/airandmore.at\/branchenverzeichnis\/wp-content\/uploads\/coptertreffen-2015_low-204x300.jpg\" alt=\"coptertreffen 2015_low\" width=\"204\" height=\"300\" srcset=\"https:\/\/airandmore.at\/branchenverzeichnis\/wp-content\/uploads\/coptertreffen-2015_low-204x300.jpg 204w, https:\/\/airandmore.at\/branchenverzeichnis\/wp-content\/uploads\/coptertreffen-2015_low-696x1024.jpg 696w, https:\/\/airandmore.at\/branchenverzeichnis\/wp-content\/uploads\/coptertreffen-2015_low.jpg 800w\" sizes=\"auto, (max-width: 204px) 100vw, 204px\" \/><\/a><\/p>\n","protected":false},"excerpt":{"rendered":"<p>Das Treffen findet am 4. Juni 2015 auf der L\u00c4RCHFILZHOCHALM in Fieberbrunn\/Tirol statt, inmitten der Kitzb\u00fchler Alpen auf ca. 1500m H\u00f6he. Die Anreise per Auto ist problemlos m\u00f6glich (Parkpl\u00e4tze sind reichlich vorhanden) Eingedeckt von der herrlichen Tiroler Bergwelt freuen wir uns auf einen regen Erfahrungsaustausch sowie um Flugvorf\u00fchrungen m\u00f6glichst vieler Multicopter! F\u00fcr Teilnehmer, die bereits [&hellip;]<\/p>\n","protected":false},"author":20,"featured_media":2023,"comment_status":"open","ping_status":"open","sticky":false,"template":"","format":"standard","meta":{"footnotes":""},"categories":[1],"tags":[104,105],"class_list":["post-2022","post","type-post","status-publish","format-standard","has-post-thumbnail","hentry","category-allgemein","tag-coptertreffen","tag-multicoptertreffen"],"yoast_head":"<!-- This site is optimized with the Yoast SEO plugin v25.5 - https:\/\/yoast.com\/wordpress\/plugins\/seo\/ -->\n<title>1. Internationales Multicoptertreffen in TIROL\/\u00d6STERREICH - Copter&amp;Camera<\/title>\n<meta name=\"robots\" content=\"index, follow, max-snippet:-1, max-image-preview:large, max-video-preview:-1\" \/>\n<link rel=\"canonical\" href=\"https:\/\/airandmore.at\/branchenverzeichnis\/1-internationales-multicoptertreffen-in-tiroloesterreich\/\" \/>\n<meta property=\"og:locale\" content=\"de_DE\" \/>\n<meta property=\"og:type\" content=\"article\" \/>\n<meta property=\"og:title\" content=\"1. Internationales Multicoptertreffen in TIROL\/\u00d6STERREICH - Copter&amp;Camera\" \/>\n<meta property=\"og:description\" content=\"Das Treffen findet am 4. Juni 2015 auf der L\u00c4RCHFILZHOCHALM in Fieberbrunn\/Tirol statt, inmitten der Kitzb\u00fchler Alpen auf ca. 1500m H\u00f6he. Die Anreise per Auto ist problemlos m\u00f6glich (Parkpl\u00e4tze sind reichlich vorhanden) Eingedeckt von der herrlichen Tiroler Bergwelt freuen wir uns auf einen regen Erfahrungsaustausch sowie um Flugvorf\u00fchrungen m\u00f6glichst vieler Multicopter! F\u00fcr Teilnehmer, die bereits [&hellip;]\" \/>\n<meta property=\"og:url\" content=\"https:\/\/airandmore.at\/branchenverzeichnis\/1-internationales-multicoptertreffen-in-tiroloesterreich\/\" \/>\n<meta property=\"og:site_name\" content=\"Copter&amp;Camera\" \/>\n<meta property=\"article:published_time\" content=\"2015-05-07T15:05:30+00:00\" \/>\n<meta property=\"og:image\" content=\"https:\/\/airandmore.at\/branchenverzeichnis\/wp-content\/uploads\/coptertreffen-2015_low.jpg\" \/>\n\t<meta property=\"og:image:width\" content=\"800\" \/>\n\t<meta property=\"og:image:height\" content=\"1176\" \/>\n\t<meta property=\"og:image:type\" content=\"image\/jpeg\" \/>\n<meta name=\"author\" content=\"musicscene\" \/>\n<meta name=\"twitter:card\" content=\"summary_large_image\" \/>\n<meta name=\"twitter:label1\" content=\"Verfasst von\" \/>\n\t<meta name=\"twitter:data1\" content=\"musicscene\" \/>\n\t<meta name=\"twitter:label2\" content=\"Gesch\u00e4tzte Lesezeit\" \/>\n\t<meta name=\"twitter:data2\" content=\"1\u00a0Minute\" \/>\n<script type=\"application\/ld+json\" class=\"yoast-schema-graph\">{\"@context\":\"https:\/\/schema.org\",\"@graph\":[{\"@type\":\"Article\",\"@id\":\"https:\/\/airandmore.at\/branchenverzeichnis\/1-internationales-multicoptertreffen-in-tiroloesterreich\/#article\",\"isPartOf\":{\"@id\":\"https:\/\/airandmore.at\/branchenverzeichnis\/1-internationales-multicoptertreffen-in-tiroloesterreich\/\"},\"author\":{\"name\":\"musicscene\",\"@id\":\"https:\/\/airandmore.at\/branchenverzeichnis\/#\/schema\/person\/960708edd42a08cb0ca2ef802d5901a0\"},\"headline\":\"1. Internationales Multicoptertreffen in TIROL\/\u00d6STERREICH\",\"datePublished\":\"2015-05-07T15:05:30+00:00\",\"mainEntityOfPage\":{\"@id\":\"https:\/\/airandmore.at\/branchenverzeichnis\/1-internationales-multicoptertreffen-in-tiroloesterreich\/\"},\"wordCount\":302,\"commentCount\":0,\"publisher\":{\"@id\":\"https:\/\/airandmore.at\/branchenverzeichnis\/#organization\"},\"image\":{\"@id\":\"https:\/\/airandmore.at\/branchenverzeichnis\/1-internationales-multicoptertreffen-in-tiroloesterreich\/#primaryimage\"},\"thumbnailUrl\":\"https:\/\/airandmore.at\/branchenverzeichnis\/wp-content\/uploads\/coptertreffen-2015_low.jpg\",\"keywords\":[\"coptertreffen\",\"multicoptertreffen\"],\"inLanguage\":\"de\",\"potentialAction\":[{\"@type\":\"CommentAction\",\"name\":\"Comment\",\"target\":[\"https:\/\/airandmore.at\/branchenverzeichnis\/1-internationales-multicoptertreffen-in-tiroloesterreich\/#respond\"]}]},{\"@type\":\"WebPage\",\"@id\":\"https:\/\/airandmore.at\/branchenverzeichnis\/1-internationales-multicoptertreffen-in-tiroloesterreich\/\",\"url\":\"https:\/\/airandmore.at\/branchenverzeichnis\/1-internationales-multicoptertreffen-in-tiroloesterreich\/\",\"name\":\"1. Internationales Multicoptertreffen in TIROL\/\u00d6STERREICH - Copter&amp;Camera\",\"isPartOf\":{\"@id\":\"https:\/\/airandmore.at\/branchenverzeichnis\/#website\"},\"primaryImageOfPage\":{\"@id\":\"https:\/\/airandmore.at\/branchenverzeichnis\/1-internationales-multicoptertreffen-in-tiroloesterreich\/#primaryimage\"},\"image\":{\"@id\":\"https:\/\/airandmore.at\/branchenverzeichnis\/1-internationales-multicoptertreffen-in-tiroloesterreich\/#primaryimage\"},\"thumbnailUrl\":\"https:\/\/airandmore.at\/branchenverzeichnis\/wp-content\/uploads\/coptertreffen-2015_low.jpg\",\"datePublished\":\"2015-05-07T15:05:30+00:00\",\"breadcrumb\":{\"@id\":\"https:\/\/airandmore.at\/branchenverzeichnis\/1-internationales-multicoptertreffen-in-tiroloesterreich\/#breadcrumb\"},\"inLanguage\":\"de\",\"potentialAction\":[{\"@type\":\"ReadAction\",\"target\":[\"https:\/\/airandmore.at\/branchenverzeichnis\/1-internationales-multicoptertreffen-in-tiroloesterreich\/\"]}]},{\"@type\":\"ImageObject\",\"inLanguage\":\"de\",\"@id\":\"https:\/\/airandmore.at\/branchenverzeichnis\/1-internationales-multicoptertreffen-in-tiroloesterreich\/#primaryimage\",\"url\":\"https:\/\/airandmore.at\/branchenverzeichnis\/wp-content\/uploads\/coptertreffen-2015_low.jpg\",\"contentUrl\":\"https:\/\/airandmore.at\/branchenverzeichnis\/wp-content\/uploads\/coptertreffen-2015_low.jpg\",\"width\":800,\"height\":1176},{\"@type\":\"BreadcrumbList\",\"@id\":\"https:\/\/airandmore.at\/branchenverzeichnis\/1-internationales-multicoptertreffen-in-tiroloesterreich\/#breadcrumb\",\"itemListElement\":[{\"@type\":\"ListItem\",\"position\":1,\"name\":\"Startseite\",\"item\":\"https:\/\/airandmore.at\/branchenverzeichnis\/\"},{\"@type\":\"ListItem\",\"position\":2,\"name\":\"1. Internationales Multicoptertreffen in TIROL\/\u00d6STERREICH\"}]},{\"@type\":\"WebSite\",\"@id\":\"https:\/\/airandmore.at\/branchenverzeichnis\/#website\",\"url\":\"https:\/\/airandmore.at\/branchenverzeichnis\/\",\"name\":\"Copter&Camera\",\"description\":\"In unserem Drohnen Verzeichnis findest Du Drohnen Hersteller, Drohnen H\u00e4ndler, Drohnen Filmer und viele andere Drohnen Dienstleister aus \u00d6sterreich, Deutschland und der Schweiz\",\"publisher\":{\"@id\":\"https:\/\/airandmore.at\/branchenverzeichnis\/#organization\"},\"potentialAction\":[{\"@type\":\"SearchAction\",\"target\":{\"@type\":\"EntryPoint\",\"urlTemplate\":\"https:\/\/airandmore.at\/branchenverzeichnis\/?s={search_term_string}\"},\"query-input\":{\"@type\":\"PropertyValueSpecification\",\"valueRequired\":true,\"valueName\":\"search_term_string\"}}],\"inLanguage\":\"de\"},{\"@type\":\"Organization\",\"@id\":\"https:\/\/airandmore.at\/branchenverzeichnis\/#organization\",\"name\":\"Copter&Camera\",\"url\":\"https:\/\/airandmore.at\/branchenverzeichnis\/\",\"logo\":{\"@type\":\"ImageObject\",\"inLanguage\":\"de\",\"@id\":\"https:\/\/airandmore.at\/branchenverzeichnis\/#\/schema\/logo\/image\/\",\"url\":\"https:\/\/airandmore.at\/branchenverzeichnis\/wp-content\/uploads\/copterundcamera2-1.png\",\"contentUrl\":\"https:\/\/airandmore.at\/branchenverzeichnis\/wp-content\/uploads\/copterundcamera2-1.png\",\"width\":251,\"height\":93,\"caption\":\"Copter&Camera\"},\"image\":{\"@id\":\"https:\/\/airandmore.at\/branchenverzeichnis\/#\/schema\/logo\/image\/\"}},{\"@type\":\"Person\",\"@id\":\"https:\/\/airandmore.at\/branchenverzeichnis\/#\/schema\/person\/960708edd42a08cb0ca2ef802d5901a0\",\"name\":\"musicscene\",\"image\":{\"@type\":\"ImageObject\",\"inLanguage\":\"de\",\"@id\":\"https:\/\/airandmore.at\/branchenverzeichnis\/#\/schema\/person\/image\/\",\"url\":\"https:\/\/secure.gravatar.com\/avatar\/8d277ab85dfb87889de6ff9270dd7ae6c9411c5c644b7aa84b183cacf3a31a76?s=96&d=mm&r=g\",\"contentUrl\":\"https:\/\/secure.gravatar.com\/avatar\/8d277ab85dfb87889de6ff9270dd7ae6c9411c5c644b7aa84b183cacf3a31a76?s=96&d=mm&r=g\",\"caption\":\"musicscene\"}}]}<\/script>\n<!-- \/ Yoast SEO plugin. -->","yoast_head_json":{"title":"1. Internationales Multicoptertreffen in TIROL\/\u00d6STERREICH - Copter&amp;Camera","robots":{"index":"index","follow":"follow","max-snippet":"max-snippet:-1","max-image-preview":"max-image-preview:large","max-video-preview":"max-video-preview:-1"},"canonical":"https:\/\/airandmore.at\/branchenverzeichnis\/1-internationales-multicoptertreffen-in-tiroloesterreich\/","og_locale":"de_DE","og_type":"article","og_title":"1. Internationales Multicoptertreffen in TIROL\/\u00d6STERREICH - Copter&amp;Camera","og_description":"Das Treffen findet am 4. Juni 2015 auf der L\u00c4RCHFILZHOCHALM in Fieberbrunn\/Tirol statt, inmitten der Kitzb\u00fchler Alpen auf ca. 1500m H\u00f6he. Die Anreise per Auto ist problemlos m\u00f6glich (Parkpl\u00e4tze sind reichlich vorhanden) Eingedeckt von der herrlichen Tiroler Bergwelt freuen wir uns auf einen regen Erfahrungsaustausch sowie um Flugvorf\u00fchrungen m\u00f6glichst vieler Multicopter! F\u00fcr Teilnehmer, die bereits [&hellip;]","og_url":"https:\/\/airandmore.at\/branchenverzeichnis\/1-internationales-multicoptertreffen-in-tiroloesterreich\/","og_site_name":"Copter&amp;Camera","article_published_time":"2015-05-07T15:05:30+00:00","og_image":[{"width":800,"height":1176,"url":"https:\/\/airandmore.at\/branchenverzeichnis\/wp-content\/uploads\/coptertreffen-2015_low.jpg","type":"image\/jpeg"}],"author":"musicscene","twitter_card":"summary_large_image","twitter_misc":{"Verfasst von":"musicscene","Gesch\u00e4tzte Lesezeit":"1\u00a0Minute"},"schema":{"@context":"https:\/\/schema.org","@graph":[{"@type":"Article","@id":"https:\/\/airandmore.at\/branchenverzeichnis\/1-internationales-multicoptertreffen-in-tiroloesterreich\/#article","isPartOf":{"@id":"https:\/\/airandmore.at\/branchenverzeichnis\/1-internationales-multicoptertreffen-in-tiroloesterreich\/"},"author":{"name":"musicscene","@id":"https:\/\/airandmore.at\/branchenverzeichnis\/#\/schema\/person\/960708edd42a08cb0ca2ef802d5901a0"},"headline":"1. Internationales Multicoptertreffen in TIROL\/\u00d6STERREICH","datePublished":"2015-05-07T15:05:30+00:00","mainEntityOfPage":{"@id":"https:\/\/airandmore.at\/branchenverzeichnis\/1-internationales-multicoptertreffen-in-tiroloesterreich\/"},"wordCount":302,"commentCount":0,"publisher":{"@id":"https:\/\/airandmore.at\/branchenverzeichnis\/#organization"},"image":{"@id":"https:\/\/airandmore.at\/branchenverzeichnis\/1-internationales-multicoptertreffen-in-tiroloesterreich\/#primaryimage"},"thumbnailUrl":"https:\/\/airandmore.at\/branchenverzeichnis\/wp-content\/uploads\/coptertreffen-2015_low.jpg","keywords":["coptertreffen","multicoptertreffen"],"inLanguage":"de","potentialAction":[{"@type":"CommentAction","name":"Comment","target":["https:\/\/airandmore.at\/branchenverzeichnis\/1-internationales-multicoptertreffen-in-tiroloesterreich\/#respond"]}]},{"@type":"WebPage","@id":"https:\/\/airandmore.at\/branchenverzeichnis\/1-internationales-multicoptertreffen-in-tiroloesterreich\/","url":"https:\/\/airandmore.at\/branchenverzeichnis\/1-internationales-multicoptertreffen-in-tiroloesterreich\/","name":"1. Internationales Multicoptertreffen in TIROL\/\u00d6STERREICH - Copter&amp;Camera","isPartOf":{"@id":"https:\/\/airandmore.at\/branchenverzeichnis\/#website"},"primaryImageOfPage":{"@id":"https:\/\/airandmore.at\/branchenverzeichnis\/1-internationales-multicoptertreffen-in-tiroloesterreich\/#primaryimage"},"image":{"@id":"https:\/\/airandmore.at\/branchenverzeichnis\/1-internationales-multicoptertreffen-in-tiroloesterreich\/#primaryimage"},"thumbnailUrl":"https:\/\/airandmore.at\/branchenverzeichnis\/wp-content\/uploads\/coptertreffen-2015_low.jpg","datePublished":"2015-05-07T15:05:30+00:00","breadcrumb":{"@id":"https:\/\/airandmore.at\/branchenverzeichnis\/1-internationales-multicoptertreffen-in-tiroloesterreich\/#breadcrumb"},"inLanguage":"de","potentialAction":[{"@type":"ReadAction","target":["https:\/\/airandmore.at\/branchenverzeichnis\/1-internationales-multicoptertreffen-in-tiroloesterreich\/"]}]},{"@type":"ImageObject","inLanguage":"de","@id":"https:\/\/airandmore.at\/branchenverzeichnis\/1-internationales-multicoptertreffen-in-tiroloesterreich\/#primaryimage","url":"https:\/\/airandmore.at\/branchenverzeichnis\/wp-content\/uploads\/coptertreffen-2015_low.jpg","contentUrl":"https:\/\/airandmore.at\/branchenverzeichnis\/wp-content\/uploads\/coptertreffen-2015_low.jpg","width":800,"height":1176},{"@type":"BreadcrumbList","@id":"https:\/\/airandmore.at\/branchenverzeichnis\/1-internationales-multicoptertreffen-in-tiroloesterreich\/#breadcrumb","itemListElement":[{"@type":"ListItem","position":1,"name":"Startseite","item":"https:\/\/airandmore.at\/branchenverzeichnis\/"},{"@type":"ListItem","position":2,"name":"1. Internationales Multicoptertreffen in TIROL\/\u00d6STERREICH"}]},{"@type":"WebSite","@id":"https:\/\/airandmore.at\/branchenverzeichnis\/#website","url":"https:\/\/airandmore.at\/branchenverzeichnis\/","name":"Copter&Camera","description":"In unserem Drohnen Verzeichnis findest Du Drohnen Hersteller, Drohnen H\u00e4ndler, Drohnen Filmer und viele andere Drohnen Dienstleister aus \u00d6sterreich, Deutschland und der Schweiz","publisher":{"@id":"https:\/\/airandmore.at\/branchenverzeichnis\/#organization"},"potentialAction":[{"@type":"SearchAction","target":{"@type":"EntryPoint","urlTemplate":"https:\/\/airandmore.at\/branchenverzeichnis\/?s={search_term_string}"},"query-input":{"@type":"PropertyValueSpecification","valueRequired":true,"valueName":"search_term_string"}}],"inLanguage":"de"},{"@type":"Organization","@id":"https:\/\/airandmore.at\/branchenverzeichnis\/#organization","name":"Copter&Camera","url":"https:\/\/airandmore.at\/branchenverzeichnis\/","logo":{"@type":"ImageObject","inLanguage":"de","@id":"https:\/\/airandmore.at\/branchenverzeichnis\/#\/schema\/logo\/image\/","url":"https:\/\/airandmore.at\/branchenverzeichnis\/wp-content\/uploads\/copterundcamera2-1.png","contentUrl":"https:\/\/airandmore.at\/branchenverzeichnis\/wp-content\/uploads\/copterundcamera2-1.png","width":251,"height":93,"caption":"Copter&Camera"},"image":{"@id":"https:\/\/airandmore.at\/branchenverzeichnis\/#\/schema\/logo\/image\/"}},{"@type":"Person","@id":"https:\/\/airandmore.at\/branchenverzeichnis\/#\/schema\/person\/960708edd42a08cb0ca2ef802d5901a0","name":"musicscene","image":{"@type":"ImageObject","inLanguage":"de","@id":"https:\/\/airandmore.at\/branchenverzeichnis\/#\/schema\/person\/image\/","url":"https:\/\/secure.gravatar.com\/avatar\/8d277ab85dfb87889de6ff9270dd7ae6c9411c5c644b7aa84b183cacf3a31a76?s=96&d=mm&r=g","contentUrl":"https:\/\/secure.gravatar.com\/avatar\/8d277ab85dfb87889de6ff9270dd7ae6c9411c5c644b7aa84b183cacf3a31a76?s=96&d=mm&r=g","caption":"musicscene"}}]}},"_links":{"self":[{"href":"https:\/\/airandmore.at\/branchenverzeichnis\/wp-json\/wp\/v2\/posts\/2022","targetHints":{"allow":["GET"]}}],"collection":[{"href":"https:\/\/airandmore.at\/branchenverzeichnis\/wp-json\/wp\/v2\/posts"}],"about":[{"href":"https:\/\/airandmore.at\/branchenverzeichnis\/wp-json\/wp\/v2\/types\/post"}],"author":[{"embeddable":true,"href":"https:\/\/airandmore.at\/branchenverzeichnis\/wp-json\/wp\/v2\/users\/20"}],"replies":[{"embeddable":true,"href":"https:\/\/airandmore.at\/branchenverzeichnis\/wp-json\/wp\/v2\/comments?post=2022"}],"version-history":[{"count":0,"href":"https:\/\/airandmore.at\/branchenverzeichnis\/wp-json\/wp\/v2\/posts\/2022\/revisions"}],"wp:featuredmedia":[{"embeddable":true,"href":"https:\/\/airandmore.at\/branchenverzeichnis\/wp-json\/wp\/v2\/media\/2023"}],"wp:attachment":[{"href":"https:\/\/airandmore.at\/branchenverzeichnis\/wp-json\/wp\/v2\/media?parent=2022"}],"wp:term":[{"taxonomy":"category","embeddable":true,"href":"https:\/\/airandmore.at\/branchenverzeichnis\/wp-json\/wp\/v2\/categories?post=2022"},{"taxonomy":"post_tag","embeddable":true,"href":"https:\/\/airandmore.at\/branchenverzeichnis\/wp-json\/wp\/v2\/tags?post=2022"}],"curies":[{"name":"wp","href":"https:\/\/api.w.org\/{rel}","templated":true}]}}